{"id":837,"date":"2025-11-18T11:40:43","date_gmt":"2025-11-18T10:40:43","guid":{"rendered":"https:\/\/bvrasso.org\/?p=837"},"modified":"2025-11-18T11:41:10","modified_gmt":"2025-11-18T10:41:10","slug":"congo-paris-deuxieme-edition-2025","status":"publish","type":"post","link":"https:\/\/bvrasso.org\/?p=837","title":{"rendered":"CONGO PARIS &#8211; DEUXI\u00c8ME \u00c9DITION (2025)"},"content":{"rendered":"\n<div class=\"wp-block-columns is-layout-flex wp-container-core-columns-is-layout-28f84493 wp-block-columns-is-layout-flex\">\n<div class=\"wp-block-column is-layout-flow wp-block-column-is-layout-flow\">\n<figure class=\"wp-block-image size-full\"><img loading=\"lazy\" decoding=\"async\" width=\"940\" height=\"788\" src=\"https:\/\/bvrasso.org\/wp-content\/uploads\/2025\/11\/Aff-D.-MOBENGO.png\" alt=\"\" class=\"wp-image-834\" srcset=\"https:\/\/bvrasso.org\/wp-content\/uploads\/2025\/11\/Aff-D.-MOBENGO.png 940w, https:\/\/bvrasso.org\/wp-content\/uploads\/2025\/11\/Aff-D.-MOBENGO-300x251.png 300w, https:\/\/bvrasso.org\/wp-content\/uploads\/2025\/11\/Aff-D.-MOBENGO-768x644.png 768w\" sizes=\"auto, (max-width: 940px) 100vw, 940px\" \/><\/figure>\n<\/div>\n<\/div>\n\n\n\n<div class=\"wp-block-columns is-layout-flex wp-container-core-columns-is-layout-28f84493 wp-block-columns-is-layout-flex\">\n<div class=\"wp-block-column is-layout-flow wp-block-column-is-layout-flow\">\n<p>Nous sommes ravis et honor\u00e9s de participer \u00e0 la 2\u1d49 \u00e9dition du Forum Jeunesse Congo \ud83c\udde8\ud83c\uddec \u00e0 Paris.<\/p>\n\n\n\n<figure class=\"wp-block-image size-full\"><img loading=\"lazy\" decoding=\"async\" width=\"940\" height=\"788\" src=\"https:\/\/bvrasso.org\/wp-content\/uploads\/2025\/11\/Affiche-BVR-Asso.png\" alt=\"\" class=\"wp-image-835\" srcset=\"https:\/\/bvrasso.org\/wp-content\/uploads\/2025\/11\/Affiche-BVR-Asso.png 940w, https:\/\/bvrasso.org\/wp-content\/uploads\/2025\/11\/Affiche-BVR-Asso-300x251.png 300w, https:\/\/bvrasso.org\/wp-content\/uploads\/2025\/11\/Affiche-BVR-Asso-768x644.png 768w\" sizes=\"auto, (max-width: 940px) 100vw, 940px\" \/><\/figure>\n\n\n\n<p>\u00c0 cette occasion, nous pr\u00e9senterons notre organisation, nos missions et notre vision strat\u00e9gique pour les cinq prochaines ann\u00e9es. Vous aurez \u00e9galement l\u2019opportunit\u00e9 de d\u00e9couvrir le parcours inspirant de notre Fondatrice, Dagra\u00e7a MOBENGO, qui porte un regard crois\u00e9 entre l\u2019Afrique et la diaspora.<\/p>\n\n\n\n<p>Bouger.Vivre.R\u00e9aliser Association (BVR ASSO) \u0153uvre pour la mont\u00e9e en comp\u00e9tences des porteurs de projets et entrepreneurs africains \u00e0 travers son programme \u00ab Skills-Transmission \u00bb, une initiative pens\u00e9e pour r\u00e9pondre aux r\u00e9alit\u00e9s entrepreneuriales locales. D\u00e9ploy\u00e9 sur cinq ans (2025\u20132030), ce programme ambitieux vise \u00e0 former 300 entrepreneursdans 15 pays africains, via 2 \u00e0 3 cohortes de 20 participants par an.<\/p>\n\n\n\n<p>BVR ASSO contribue aux ODD (n\u00b04, 8, 10 et 17), nos actions s\u2019articulent autour de cinq axes strat\u00e9giques :<br>-La formation continue<br>-Le renforcement des comp\u00e9tences<br>-L\u2019\u00e9quit\u00e9 de genre<br>-L\u2019\u00e9ducation<br>-L\u2019entrepreneuriat en Afrique<br>Ces initiatives se traduisent par des programmes concrets de formation, d\u2019inclusion et de coop\u00e9ration internationale, visant \u00e0 renforcer durablement les capacit\u00e9s locales et \u00e0 favoriser un d\u00e9veloppement \u00e9quitable.<\/p>\n\n\n\n<p>Nous remercions chaleureusement le Collectif du Conseil des Jeunes Congolais de France pour son invitation et pour cette initiative porteuse, engag\u00e9e dans le rayonnement de la R\u00e9publique du Congo.<\/p>\n\n\n\n<figure class=\"wp-block-image size-full\"><img loading=\"lazy\" decoding=\"async\" width=\"940\" height=\"788\" src=\"https:\/\/bvrasso.org\/wp-content\/uploads\/2025\/11\/Visuel-FJC-4-l.jpg\" alt=\"\" class=\"wp-image-836\" srcset=\"https:\/\/bvrasso.org\/wp-content\/uploads\/2025\/11\/Visuel-FJC-4-l.jpg 940w, https:\/\/bvrasso.org\/wp-content\/uploads\/2025\/11\/Visuel-FJC-4-l-300x251.jpg 300w, https:\/\/bvrasso.org\/wp-content\/uploads\/2025\/11\/Visuel-FJC-4-l-768x644.jpg 768w\" sizes=\"auto, (max-width: 940px) 100vw, 940px\" \/><\/figure>\n\n\n\n<p>Nous vous y attendons nombreux et serons ravis de vous rencontrer !<\/p>\n\n\n\n<p>Lien d&#8217;inscription <a href=\"https:\/\/docs.google.com\/...\/1FAIpQLSfCZdrLC66...\/viewform...\">ici <\/a><\/p>\n<\/div>\n<\/div>\n\n\n\n<div style=\"height:18px\" aria-hidden=\"true\" class=\"wp-block-spacer\"><\/div>\n","protected":false},"excerpt":{"rendered":"<p>Nous sommes ravis et honor\u00e9s de participer \u00e0 la 2\u1d49 \u00e9dition du Forum Jeunesse Congo \ud83c\udde8\ud83c\uddec \u00e0 Paris. \u00c0 cette [&hellip;]<\/p>\n","protected":false},"author":1,"featured_media":0,"comment_status":"closed","ping_status":"closed","sticky":false,"template":"","format":"standard","meta":{"site-sidebar-layout":"default","site-content-layout":"","ast-site-content-layout":"default","site-content-style":"default","site-sidebar-style":"default","ast-global-header-display":"","ast-banner-title-visibility":"","ast-main-header-display":"","ast-hfb-above-header-display":"","ast-hfb-below-header-display":"","ast-hfb-mobile-header-display":"","site-post-title":"","ast-breadcrumbs-content":"","ast-featured-img":"","footer-sml-layout":"","ast-disable-related-posts":"","theme-transparent-header-meta":"","adv-header-id-meta":"","stick-header-meta":"","header-above-stick-meta":"","header-main-stick-meta":"","header-below-stick-meta":"","astra-migrate-meta-layouts":"default","ast-page-background-enabled":"default","ast-page-background-meta":{"desktop":{"background-color":"var(--ast-global-color-5)","background-image":"","background-repeat":"repeat","background-position":"center center","background-size":"auto","background-attachment":"scroll","background-type":"","background-media":"","overlay-type":"","overlay-color":"","overlay-opacity":"","overlay-gradient":""},"tablet":{"background-color":"","background-image":"","background-repeat":"repeat","background-position":"center center","background-size":"auto","background-attachment":"scroll","background-type":"","background-media":"","overlay-type":"","overlay-color":"","overlay-opacity":"","overlay-gradient":""},"mobile":{"background-color":"","background-image":"","background-repeat":"repeat","background-position":"center center","background-size":"auto","background-attachment":"scroll","background-type":"","background-media":"","overlay-type":"","overlay-color":"","overlay-opacity":"","overlay-gradient":""}},"ast-content-background-meta":{"desktop":{"background-color":"var(--ast-global-color-4)","background-image":"","background-repeat":"repeat","background-position":"center center","background-size":"auto","background-attachment":"scroll","background-type":"","background-media":"","overlay-type":"","overlay-color":"","overlay-opacity":"","overlay-gradient":""},"tablet":{"background-color":"var(--ast-global-color-4)","background-image":"","background-repeat":"repeat","background-position":"center center","background-size":"auto","background-attachment":"scroll","background-type":"","background-media":"","overlay-type":"","overlay-color":"","overlay-opacity":"","overlay-gradient":""},"mobile":{"background-color":"var(--ast-global-color-4)","background-image":"","background-repeat":"repeat","background-position":"center center","background-size":"auto","background-attachment":"scroll","background-type":"","background-media":"","overlay-type":"","overlay-color":"","overlay-opacity":"","overlay-gradient":""}},"footnotes":""},"categories":[9],"tags":[],"class_list":["post-837","post","type-post","status-publish","format-standard","hentry","category-actualites-bvr-asso"],"_links":{"self":[{"href":"https:\/\/bvrasso.org\/index.php?rest_route=\/wp\/v2\/posts\/837","targetHints":{"allow":["GET"]}}],"collection":[{"href":"https:\/\/bvrasso.org\/index.php?rest_route=\/wp\/v2\/posts"}],"about":[{"href":"https:\/\/bvrasso.org\/index.php?rest_route=\/wp\/v2\/types\/post"}],"author":[{"embeddable":true,"href":"https:\/\/bvrasso.org\/index.php?rest_route=\/wp\/v2\/users\/1"}],"replies":[{"embeddable":true,"href":"https:\/\/bvrasso.org\/index.php?rest_route=%2Fwp%2Fv2%2Fcomments&post=837"}],"version-history":[{"count":1,"href":"https:\/\/bvrasso.org\/index.php?rest_route=\/wp\/v2\/posts\/837\/revisions"}],"predecessor-version":[{"id":838,"href":"https:\/\/bvrasso.org\/index.php?rest_route=\/wp\/v2\/posts\/837\/revisions\/838"}],"wp:attachment":[{"href":"https:\/\/bvrasso.org\/index.php?rest_route=%2Fwp%2Fv2%2Fmedia&parent=837"}],"wp:term":[{"taxonomy":"category","embeddable":true,"href":"https:\/\/bvrasso.org\/index.php?rest_route=%2Fwp%2Fv2%2Fcategories&post=837"},{"taxonomy":"post_tag","embeddable":true,"href":"https:\/\/bvrasso.org\/index.php?rest_route=%2Fwp%2Fv2%2Ftags&post=837"}],"curies":[{"name":"wp","href":"https:\/\/api.w.org\/{rel}","templated":true}]}}